{"id":14834,"date":"2023-11-08T11:58:06","date_gmt":"2023-11-08T10:58:06","guid":{"rendered":"https:\/\/www.wattkraft.com\/?p=14834"},"modified":"2023-11-08T11:58:13","modified_gmt":"2023-11-08T10:58:13","slug":"ii-edicion-semana-del-sol","status":"publish","type":"post","link":"https:\/\/www.wattkraft.com\/es\/news\/ii-edicion-semana-del-sol\/","title":{"rendered":"II Edici\u00f3n Semana del Sol"},"content":{"rendered":"\n<p>\u00a1Bienvenido a la Semana del Sol!<\/p>\n\n\n\n<h1 class=\"wp-block-heading\"><strong>\u00bfTe gustar\u00eda formar parte de la II Edici\u00f3n de la Semana del Sol?<\/strong><\/h1>\n\n\n\n<p>Cada a\u00f1o, la tierra experimenta dos solsticios y dos equinoccios, fen\u00f3menos completamente opuestos y que marcan el inicio de las estaciones. El a\u00f1o pasado, desde Wattkraft &amp; <a href=\"https:\/\/solar.huawei.com\/es\/\">Huawei<\/a>, celebramos el solsticio de verano como el d\u00eda con mayor luz solar de todo el a\u00f1o. En esta ocasi\u00f3n, queremos celebrar el equinoccio de primavera, el d\u00eda en el que el sol estar\u00e1 sobre el ecuador haciendo que el d\u00eda y la noche tengan exactamente la misma duraci\u00f3n.<\/p>\n\n\n\n<h2 class=\"wp-block-heading\">\u00a1Estamos encantados de invitarte por segundo a\u00f1o consecutivo a la Semana del Sol de Wattkraft &amp; Huawei!<\/h2>\n\n\n\n<p>Ahora ya conoces en torno a qu\u00e9 gira nuestra semana, te falta por saber qu\u00e9 es \ud83d\ude09<\/p>\n\n\n\n<p>Te adelantamos que se trata de una semana de eventos exclusivos, online y offline. Son unos d\u00edas en los que todos nuestros partners, y colaboradores habituales, forman parte de esta iniciativa.<\/p>\n\n\n\n<p>En breve, facilitaremos m\u00e1s detalles.<\/p>\n\n\n\n<h4 class=\"wp-block-heading\">Para m\u00e1s informaci\u00f3n: contacto@wattkraft.com<\/h4>\n","protected":false},"excerpt":{"rendered":"<p>\u00a1Bienvenido a la Semana del Sol! \u00bfTe gustar\u00eda formar parte de la II Edici\u00f3n de la Semana del Sol? Cada a\u00f1o, la tierra experimenta dos solsticios y dos equinoccios, fen\u00f3menos completamente opuestos y que marcan el inicio de las estaciones. El a\u00f1o pasado, desde Wattkraft &amp; Huawei, celebramos el solsticio de verano como el d\u00eda con mayor luz solar de todo el a\u00f1o. En esta ocasi\u00f3n, queremos celebrar el equinoccio de primavera, el d\u00eda en el que el sol estar\u00e1 sobre el ecuador haciendo que el d\u00eda y la noche tengan exactamente la misma duraci\u00f3n. \u00a1Estamos encantados de invitarte por segundo a\u00f1o consecutivo a la Semana del Sol de Wattkraft &amp; Huawei! Ahora ya conoces en torno a qu\u00e9 gira nuestra semana, te falta por saber qu\u00e9 es \ud83d\ude09 Te adelantamos que se trata de una semana de eventos exclusivos, online y offline. Son unos d\u00edas en los que todos nuestros partners, y colaboradores habituales, forman parte de esta iniciativa. En breve, facilitaremos m\u00e1s detalles. Para m\u00e1s informaci\u00f3n: contacto@wattkraft.com<\/p>\n","protected":false},"author":16,"featured_media":14835,"comment_status":"closed","ping_status":"open","sticky":false,"template":"","format":"standard","meta":{"_acf_changed":false,"inline_featured_image":false,"footnotes":""},"categories":[35],"tags":[],"class_list":["post-14834","post","type-post","status-publish","format-standard","has-post-thumbnail","hentry","category-sin-categorizar"],"acf":[],"yoast_head":"<!-- This site is optimized with the Yoast SEO plugin v24.7 - https:\/\/yoast.com\/wordpress\/plugins\/seo\/ -->\n<title>II Edici\u00f3n Semana del Sol - Wattkraft<\/title>\n<meta name=\"robots\" content=\"index, follow, max-snippet:-1, max-image-preview:large, max-video-preview:-1\" \/>\n<link rel=\"canonical\" href=\"https:\/\/www.wattkraft.com\/es\/news\/ii-edicion-semana-del-sol\/\" \/>\n<meta property=\"og:locale\" content=\"es_ES\" \/>\n<meta property=\"og:type\" content=\"article\" \/>\n<meta property=\"og:title\" content=\"II Edici\u00f3n Semana del Sol - Wattkraft\" \/>\n<meta property=\"og:description\" content=\"\u00a1Bienvenido a la Semana del Sol! \u00bfTe gustar\u00eda formar parte de la II Edici\u00f3n de la Semana del Sol? Cada a\u00f1o, la tierra experimenta dos solsticios y dos equinoccios, fen\u00f3menos completamente opuestos y que marcan el inicio de las estaciones. El a\u00f1o pasado, desde Wattkraft &amp; Huawei, celebramos el solsticio de verano como el d\u00eda con mayor luz solar de todo el a\u00f1o. En esta ocasi\u00f3n, queremos celebrar el equinoccio de primavera, el d\u00eda en el que el sol estar\u00e1 sobre el ecuador haciendo que el d\u00eda y la noche tengan exactamente la misma duraci\u00f3n. \u00a1Estamos encantados de invitarte por segundo a\u00f1o consecutivo a la Semana del Sol de Wattkraft &amp; Huawei! Ahora ya conoces en torno a qu\u00e9 gira nuestra semana, te falta por saber qu\u00e9 es \ud83d\ude09 Te adelantamos que se trata de una semana de eventos exclusivos, online y offline. Son unos d\u00edas en los que todos nuestros partners, y colaboradores habituales, forman parte de esta iniciativa. En breve, facilitaremos m\u00e1s detalles. Para m\u00e1s informaci\u00f3n: contacto@wattkraft.com\" \/>\n<meta property=\"og:url\" content=\"https:\/\/www.wattkraft.com\/es\/news\/ii-edicion-semana-del-sol\/\" \/>\n<meta property=\"og:site_name\" content=\"Wattkraft\" \/>\n<meta property=\"article:publisher\" content=\"https:\/\/www.facebook.com\/wattkraftsolar888\" \/>\n<meta property=\"article:published_time\" content=\"2023-11-08T10:58:06+00:00\" \/>\n<meta property=\"article:modified_time\" content=\"2023-11-08T10:58:13+00:00\" \/>\n<meta property=\"og:image\" content=\"https:\/\/www.wattkraft.com\/app\/uploads\/2023\/11\/Semana-del-Sol-EERR-scaled-1.jpg\" \/>\n\t<meta property=\"og:image:width\" content=\"2560\" \/>\n\t<meta property=\"og:image:height\" content=\"1683\" \/>\n\t<meta property=\"og:image:type\" content=\"image\/jpeg\" \/>\n<meta name=\"author\" content=\"Daniel Castosa\" \/>\n<meta name=\"twitter:card\" content=\"summary_large_image\" \/>\n<meta name=\"twitter:label1\" content=\"Written by\" \/>\n\t<meta name=\"twitter:data1\" content=\"Daniel Castosa\" \/>\n\t<meta name=\"twitter:label2\" content=\"Est. reading time\" \/>\n\t<meta name=\"twitter:data2\" content=\"1 minute\" \/>\n<script type=\"application\/ld+json\" class=\"yoast-schema-graph\">{\"@context\":\"https:\/\/schema.org\",\"@graph\":[{\"@type\":\"Article\",\"@id\":\"https:\/\/www.wattkraft.com\/es\/news\/ii-edicion-semana-del-sol\/#article\",\"isPartOf\":{\"@id\":\"https:\/\/www.wattkraft.com\/es\/news\/ii-edicion-semana-del-sol\/\"},\"author\":{\"name\":\"Daniel Castosa\",\"@id\":\"https:\/\/www.wattkraft.com\/es\/#\/schema\/person\/ad38ca878569dbb1674c08fccead3c02\"},\"headline\":\"II Edici\u00f3n Semana del Sol\",\"datePublished\":\"2023-11-08T10:58:06+00:00\",\"dateModified\":\"2023-11-08T10:58:13+00:00\",\"mainEntityOfPage\":{\"@id\":\"https:\/\/www.wattkraft.com\/es\/news\/ii-edicion-semana-del-sol\/\"},\"wordCount\":192,\"publisher\":{\"@id\":\"https:\/\/www.wattkraft.com\/es\/#organization\"},\"image\":{\"@id\":\"https:\/\/www.wattkraft.com\/es\/news\/ii-edicion-semana-del-sol\/#primaryimage\"},\"thumbnailUrl\":\"https:\/\/www.wattkraft.com\/app\/uploads\/2023\/11\/Semana-del-Sol-EERR-scaled-1.jpg\",\"articleSection\":[\"Sin categorizar\"],\"inLanguage\":\"es-ES\"},{\"@type\":\"WebPage\",\"@id\":\"https:\/\/www.wattkraft.com\/es\/news\/ii-edicion-semana-del-sol\/\",\"url\":\"https:\/\/www.wattkraft.com\/es\/news\/ii-edicion-semana-del-sol\/\",\"name\":\"II Edici\u00f3n Semana del Sol - Wattkraft\",\"isPartOf\":{\"@id\":\"https:\/\/www.wattkraft.com\/es\/#website\"},\"primaryImageOfPage\":{\"@id\":\"https:\/\/www.wattkraft.com\/es\/news\/ii-edicion-semana-del-sol\/#primaryimage\"},\"image\":{\"@id\":\"https:\/\/www.wattkraft.com\/es\/news\/ii-edicion-semana-del-sol\/#primaryimage\"},\"thumbnailUrl\":\"https:\/\/www.wattkraft.com\/app\/uploads\/2023\/11\/Semana-del-Sol-EERR-scaled-1.jpg\",\"datePublished\":\"2023-11-08T10:58:06+00:00\",\"dateModified\":\"2023-11-08T10:58:13+00:00\",\"breadcrumb\":{\"@id\":\"https:\/\/www.wattkraft.com\/es\/news\/ii-edicion-semana-del-sol\/#breadcrumb\"},\"inLanguage\":\"es-ES\",\"potentialAction\":[{\"@type\":\"ReadAction\",\"target\":[\"https:\/\/www.wattkraft.com\/es\/news\/ii-edicion-semana-del-sol\/\"]}]},{\"@type\":\"ImageObject\",\"inLanguage\":\"es-ES\",\"@id\":\"https:\/\/www.wattkraft.com\/es\/news\/ii-edicion-semana-del-sol\/#primaryimage\",\"url\":\"https:\/\/www.wattkraft.com\/app\/uploads\/2023\/11\/Semana-del-Sol-EERR-scaled-1.jpg\",\"contentUrl\":\"https:\/\/www.wattkraft.com\/app\/uploads\/2023\/11\/Semana-del-Sol-EERR-scaled-1.jpg\",\"width\":2560,\"height\":1683},{\"@type\":\"BreadcrumbList\",\"@id\":\"https:\/\/www.wattkraft.com\/es\/news\/ii-edicion-semana-del-sol\/#breadcrumb\",\"itemListElement\":[{\"@type\":\"ListItem\",\"position\":1,\"name\":\"Home\",\"item\":\"https:\/\/www.wattkraft.com\/es\/\"},{\"@type\":\"ListItem\",\"position\":2,\"name\":\"II Edici\u00f3n Semana del Sol\"}]},{\"@type\":\"WebSite\",\"@id\":\"https:\/\/www.wattkraft.com\/es\/#website\",\"url\":\"https:\/\/www.wattkraft.com\/es\/\",\"name\":\"Wattkraft.com\",\"description\":\"Photovoltaik Distributor f\u00fcr Huawei, Aiko, Phono und Canadian Solar\",\"publisher\":{\"@id\":\"https:\/\/www.wattkraft.com\/es\/#organization\"},\"potentialAction\":[{\"@type\":\"SearchAction\",\"target\":{\"@type\":\"EntryPoint\",\"urlTemplate\":\"https:\/\/www.wattkraft.com\/es\/?s={search_term_string}\"},\"query-input\":{\"@type\":\"PropertyValueSpecification\",\"valueRequired\":true,\"valueName\":\"search_term_string\"}}],\"inLanguage\":\"es-ES\"},{\"@type\":\"Organization\",\"@id\":\"https:\/\/www.wattkraft.com\/es\/#organization\",\"name\":\"Wattkraft\",\"url\":\"https:\/\/www.wattkraft.com\/es\/\",\"logo\":{\"@type\":\"ImageObject\",\"inLanguage\":\"es-ES\",\"@id\":\"https:\/\/www.wattkraft.com\/es\/#\/schema\/logo\/image\/\",\"url\":\"https:\/\/www.wattkraft.com\/app\/uploads\/2023\/07\/wattkaft_logo.png.webp\",\"contentUrl\":\"https:\/\/www.wattkraft.com\/app\/uploads\/2023\/07\/wattkaft_logo.png.webp\",\"width\":985,\"height\":181,\"caption\":\"Wattkraft\"},\"image\":{\"@id\":\"https:\/\/www.wattkraft.com\/es\/#\/schema\/logo\/image\/\"},\"sameAs\":[\"https:\/\/www.facebook.com\/wattkraftsolar888\",\"https:\/\/www.linkedin.com\/company\/wattkraft\/\",\"https:\/\/www.youtube.com\/@wattkraftdeutschland\"]},{\"@type\":\"Person\",\"@id\":\"https:\/\/www.wattkraft.com\/es\/#\/schema\/person\/ad38ca878569dbb1674c08fccead3c02\",\"name\":\"Daniel Castosa\",\"image\":{\"@type\":\"ImageObject\",\"inLanguage\":\"es-ES\",\"@id\":\"https:\/\/www.wattkraft.com\/es\/#\/schema\/person\/image\/\",\"url\":\"https:\/\/secure.gravatar.com\/avatar\/2e2f65a7c1644f7dfb034654061f2017?s=96&d=mm&r=g\",\"contentUrl\":\"https:\/\/secure.gravatar.com\/avatar\/2e2f65a7c1644f7dfb034654061f2017?s=96&d=mm&r=g\",\"caption\":\"Daniel Castosa\"},\"url\":\"https:\/\/www.wattkraft.com\/es\/news\/author\/daniel-castosa\/\"}]}<\/script>\n<!-- \/ Yoast SEO plugin. -->","yoast_head_json":{"title":"II Edici\u00f3n Semana del Sol - Wattkraft","robots":{"index":"index","follow":"follow","max-snippet":"max-snippet:-1","max-image-preview":"max-image-preview:large","max-video-preview":"max-video-preview:-1"},"canonical":"https:\/\/www.wattkraft.com\/es\/news\/ii-edicion-semana-del-sol\/","og_locale":"es_ES","og_type":"article","og_title":"II Edici\u00f3n Semana del Sol - Wattkraft","og_description":"\u00a1Bienvenido a la Semana del Sol! \u00bfTe gustar\u00eda formar parte de la II Edici\u00f3n de la Semana del Sol? Cada a\u00f1o, la tierra experimenta dos solsticios y dos equinoccios, fen\u00f3menos completamente opuestos y que marcan el inicio de las estaciones. El a\u00f1o pasado, desde Wattkraft &amp; Huawei, celebramos el solsticio de verano como el d\u00eda con mayor luz solar de todo el a\u00f1o. En esta ocasi\u00f3n, queremos celebrar el equinoccio de primavera, el d\u00eda en el que el sol estar\u00e1 sobre el ecuador haciendo que el d\u00eda y la noche tengan exactamente la misma duraci\u00f3n. \u00a1Estamos encantados de invitarte por segundo a\u00f1o consecutivo a la Semana del Sol de Wattkraft &amp; Huawei! Ahora ya conoces en torno a qu\u00e9 gira nuestra semana, te falta por saber qu\u00e9 es \ud83d\ude09 Te adelantamos que se trata de una semana de eventos exclusivos, online y offline. Son unos d\u00edas en los que todos nuestros partners, y colaboradores habituales, forman parte de esta iniciativa. En breve, facilitaremos m\u00e1s detalles. Para m\u00e1s informaci\u00f3n: contacto@wattkraft.com","og_url":"https:\/\/www.wattkraft.com\/es\/news\/ii-edicion-semana-del-sol\/","og_site_name":"Wattkraft","article_publisher":"https:\/\/www.facebook.com\/wattkraftsolar888","article_published_time":"2023-11-08T10:58:06+00:00","article_modified_time":"2023-11-08T10:58:13+00:00","og_image":[{"width":2560,"height":1683,"url":"https:\/\/www.wattkraft.com\/app\/uploads\/2023\/11\/Semana-del-Sol-EERR-scaled-1.jpg","type":"image\/jpeg"}],"author":"Daniel Castosa","twitter_card":"summary_large_image","twitter_misc":{"Written by":"Daniel Castosa","Est. reading time":"1 minute"},"schema":{"@context":"https:\/\/schema.org","@graph":[{"@type":"Article","@id":"https:\/\/www.wattkraft.com\/es\/news\/ii-edicion-semana-del-sol\/#article","isPartOf":{"@id":"https:\/\/www.wattkraft.com\/es\/news\/ii-edicion-semana-del-sol\/"},"author":{"name":"Daniel Castosa","@id":"https:\/\/www.wattkraft.com\/es\/#\/schema\/person\/ad38ca878569dbb1674c08fccead3c02"},"headline":"II Edici\u00f3n Semana del Sol","datePublished":"2023-11-08T10:58:06+00:00","dateModified":"2023-11-08T10:58:13+00:00","mainEntityOfPage":{"@id":"https:\/\/www.wattkraft.com\/es\/news\/ii-edicion-semana-del-sol\/"},"wordCount":192,"publisher":{"@id":"https:\/\/www.wattkraft.com\/es\/#organization"},"image":{"@id":"https:\/\/www.wattkraft.com\/es\/news\/ii-edicion-semana-del-sol\/#primaryimage"},"thumbnailUrl":"https:\/\/www.wattkraft.com\/app\/uploads\/2023\/11\/Semana-del-Sol-EERR-scaled-1.jpg","articleSection":["Sin categorizar"],"inLanguage":"es-ES"},{"@type":"WebPage","@id":"https:\/\/www.wattkraft.com\/es\/news\/ii-edicion-semana-del-sol\/","url":"https:\/\/www.wattkraft.com\/es\/news\/ii-edicion-semana-del-sol\/","name":"II Edici\u00f3n Semana del Sol - Wattkraft","isPartOf":{"@id":"https:\/\/www.wattkraft.com\/es\/#website"},"primaryImageOfPage":{"@id":"https:\/\/www.wattkraft.com\/es\/news\/ii-edicion-semana-del-sol\/#primaryimage"},"image":{"@id":"https:\/\/www.wattkraft.com\/es\/news\/ii-edicion-semana-del-sol\/#primaryimage"},"thumbnailUrl":"https:\/\/www.wattkraft.com\/app\/uploads\/2023\/11\/Semana-del-Sol-EERR-scaled-1.jpg","datePublished":"2023-11-08T10:58:06+00:00","dateModified":"2023-11-08T10:58:13+00:00","breadcrumb":{"@id":"https:\/\/www.wattkraft.com\/es\/news\/ii-edicion-semana-del-sol\/#breadcrumb"},"inLanguage":"es-ES","potentialAction":[{"@type":"ReadAction","target":["https:\/\/www.wattkraft.com\/es\/news\/ii-edicion-semana-del-sol\/"]}]},{"@type":"ImageObject","inLanguage":"es-ES","@id":"https:\/\/www.wattkraft.com\/es\/news\/ii-edicion-semana-del-sol\/#primaryimage","url":"https:\/\/www.wattkraft.com\/app\/uploads\/2023\/11\/Semana-del-Sol-EERR-scaled-1.jpg","contentUrl":"https:\/\/www.wattkraft.com\/app\/uploads\/2023\/11\/Semana-del-Sol-EERR-scaled-1.jpg","width":2560,"height":1683},{"@type":"BreadcrumbList","@id":"https:\/\/www.wattkraft.com\/es\/news\/ii-edicion-semana-del-sol\/#breadcrumb","itemListElement":[{"@type":"ListItem","position":1,"name":"Home","item":"https:\/\/www.wattkraft.com\/es\/"},{"@type":"ListItem","position":2,"name":"II Edici\u00f3n Semana del Sol"}]},{"@type":"WebSite","@id":"https:\/\/www.wattkraft.com\/es\/#website","url":"https:\/\/www.wattkraft.com\/es\/","name":"Wattkraft.com","description":"Photovoltaik Distributor f\u00fcr Huawei, Aiko, Phono und Canadian Solar","publisher":{"@id":"https:\/\/www.wattkraft.com\/es\/#organization"},"potentialAction":[{"@type":"SearchAction","target":{"@type":"EntryPoint","urlTemplate":"https:\/\/www.wattkraft.com\/es\/?s={search_term_string}"},"query-input":{"@type":"PropertyValueSpecification","valueRequired":true,"valueName":"search_term_string"}}],"inLanguage":"es-ES"},{"@type":"Organization","@id":"https:\/\/www.wattkraft.com\/es\/#organization","name":"Wattkraft","url":"https:\/\/www.wattkraft.com\/es\/","logo":{"@type":"ImageObject","inLanguage":"es-ES","@id":"https:\/\/www.wattkraft.com\/es\/#\/schema\/logo\/image\/","url":"https:\/\/www.wattkraft.com\/app\/uploads\/2023\/07\/wattkaft_logo.png.webp","contentUrl":"https:\/\/www.wattkraft.com\/app\/uploads\/2023\/07\/wattkaft_logo.png.webp","width":985,"height":181,"caption":"Wattkraft"},"image":{"@id":"https:\/\/www.wattkraft.com\/es\/#\/schema\/logo\/image\/"},"sameAs":["https:\/\/www.facebook.com\/wattkraftsolar888","https:\/\/www.linkedin.com\/company\/wattkraft\/","https:\/\/www.youtube.com\/@wattkraftdeutschland"]},{"@type":"Person","@id":"https:\/\/www.wattkraft.com\/es\/#\/schema\/person\/ad38ca878569dbb1674c08fccead3c02","name":"Daniel Castosa","image":{"@type":"ImageObject","inLanguage":"es-ES","@id":"https:\/\/www.wattkraft.com\/es\/#\/schema\/person\/image\/","url":"https:\/\/secure.gravatar.com\/avatar\/2e2f65a7c1644f7dfb034654061f2017?s=96&d=mm&r=g","contentUrl":"https:\/\/secure.gravatar.com\/avatar\/2e2f65a7c1644f7dfb034654061f2017?s=96&d=mm&r=g","caption":"Daniel Castosa"},"url":"https:\/\/www.wattkraft.com\/es\/news\/author\/daniel-castosa\/"}]}},"_links":{"self":[{"href":"https:\/\/www.wattkraft.com\/es\/wp-json\/wp\/v2\/posts\/14834","targetHints":{"allow":["GET"]}}],"collection":[{"href":"https:\/\/www.wattkraft.com\/es\/wp-json\/wp\/v2\/posts"}],"about":[{"href":"https:\/\/www.wattkraft.com\/es\/wp-json\/wp\/v2\/types\/post"}],"author":[{"embeddable":true,"href":"https:\/\/www.wattkraft.com\/es\/wp-json\/wp\/v2\/users\/16"}],"replies":[{"embeddable":true,"href":"https:\/\/www.wattkraft.com\/es\/wp-json\/wp\/v2\/comments?post=14834"}],"version-history":[{"count":1,"href":"https:\/\/www.wattkraft.com\/es\/wp-json\/wp\/v2\/posts\/14834\/revisions"}],"predecessor-version":[{"id":14841,"href":"https:\/\/www.wattkraft.com\/es\/wp-json\/wp\/v2\/posts\/14834\/revisions\/14841"}],"wp:featuredmedia":[{"embeddable":true,"href":"https:\/\/www.wattkraft.com\/es\/wp-json\/wp\/v2\/media\/14835"}],"wp:attachment":[{"href":"https:\/\/www.wattkraft.com\/es\/wp-json\/wp\/v2\/media?parent=14834"}],"wp:term":[{"taxonomy":"category","embeddable":true,"href":"https:\/\/www.wattkraft.com\/es\/wp-json\/wp\/v2\/categories?post=14834"},{"taxonomy":"post_tag","embeddable":true,"href":"https:\/\/www.wattkraft.com\/es\/wp-json\/wp\/v2\/tags?post=14834"}],"curies":[{"name":"wp","href":"https:\/\/api.w.org\/{rel}","templated":true}]}}