{"id":16780,"date":"2024-05-17T11:36:50","date_gmt":"2024-05-17T09:36:50","guid":{"rendered":"https:\/\/www.wattkraft.com\/?p=16780"},"modified":"2024-05-17T11:43:53","modified_gmt":"2024-05-17T09:43:53","slug":"intersolar-europe-2024-punto-de-encuentro-de-la-industria-solar","status":"publish","type":"post","link":"https:\/\/www.wattkraft.com\/es\/news\/intersolar-europe-2024-punto-de-encuentro-de-la-industria-solar\/","title":{"rendered":"Intersolar Europe 2024: punto de encuentro de la industria solar"},"content":{"rendered":"\n<p>Intersolar Europe, la feria comercial l\u00edder mundial para la industria solar, est\u00e1 a la vuelta de la esquina nuevamente. Del 19 al 21 de junio de 2024, el Centro Internacional de Congresos de M\u00fanich abrir\u00e1 sus puertas para un evento que es mucho m\u00e1s que una feria comercial convencional. Como parte de &#8220;The smarter E Europe&#8221;, la alianza de ferias comerciales m\u00e1s grande de Europa para la industria de la energ\u00eda, Intersolar Europe ofrece una plataforma \u00fanica que re\u00fane todos los aspectos de la industria solar bajo un mismo techo.<\/p>\n\n\n\n<p>Este a\u00f1o, Wattkraft participar\u00e1 una vez m\u00e1s en Intersolar con su propio stand. Nos encontrar\u00e1 en el Hall C1, stand n\u00famero 330, donde esperamos su visita, el di\u00e1logo personal y la oportunidad de presentar nuestro portafolio de productos.<\/p>\n\n\n\n<p><strong>N\u00famero de stand de Wattkraft: C1.330<\/strong><\/p>\n\n\n\n<figure class=\"wp-block-image size-large is-resized\"><img data-dominant-color=\"d1d2d2\" data-has-transparency=\"true\" loading=\"lazy\" decoding=\"async\" width=\"1024\" height=\"576\" src=\"https:\/\/www.wattkraft.com\/app\/uploads\/2024\/05\/Messehalle-mit-Wattkraft-Logo-1024x576.png\" alt=\"\" class=\"wp-image-16680 has-transparency\" style=\"--dominant-color: #d1d2d2; width:709px;height:auto\" srcset=\"https:\/\/www.wattkraft.com\/app\/uploads\/2024\/05\/Messehalle-mit-Wattkraft-Logo-1024x576.png 1024w, https:\/\/www.wattkraft.com\/app\/uploads\/2024\/05\/Messehalle-mit-Wattkraft-Logo-300x169.png 300w, https:\/\/www.wattkraft.com\/app\/uploads\/2024\/05\/Messehalle-mit-Wattkraft-Logo-768x432.png 768w, https:\/\/www.wattkraft.com\/app\/uploads\/2024\/05\/Messehalle-mit-Wattkraft-Logo-1536x864.png 1536w, https:\/\/www.wattkraft.com\/app\/uploads\/2024\/05\/Messehalle-mit-Wattkraft-Logo.png 1560w\" sizes=\"auto, (max-width: 1024px) 100vw, 1024px\" \/><\/figure>\n\n\n\n<div style=\"height:100px\" aria-hidden=\"true\" class=\"wp-block-spacer\"><\/div>\n\n\n\n<div class=\"wp-block-group\"><div class=\"wp-block-group__inner-container is-layout-constrained wp-block-group-is-layout-constrained\">\n<p class=\"has-medium-font-size\"><strong>Fecha: 19\u201321 de junio de 2024<\/strong><\/p>\n\n\n\n<p class=\"has-medium-font-size\"><strong>Horario de apertura:<\/strong><\/p>\n\n\n\n<ul class=\"wp-block-list\">\n<li><strong>9:00-18:00 h    |    Mi\u00e9rcoles<\/strong><\/li>\n\n\n\n<li><strong>9:00-18:00 h    |    Jueves<\/strong><\/li>\n\n\n\n<li><strong>9:00-17:00 h    |    Viernes<\/strong><\/li>\n<\/ul>\n\n\n\n<p> <\/p>\n<\/div><\/div>\n","protected":false},"excerpt":{"rendered":"<p>Intersolar Europe, la feria comercial l\u00edder mundial para la industria solar, est\u00e1 a la vuelta de la esquina nuevamente. Del 19 al 21 de junio de 2024, el Centro Internacional de Congresos de M\u00fanich abrir\u00e1 sus puertas para un evento que es mucho m\u00e1s que una feria comercial convencional. Como parte de &#8220;The smarter E Europe&#8221;, la alianza de ferias comerciales m\u00e1s grande de Europa para la industria de la energ\u00eda, Intersolar Europe ofrece una plataforma \u00fanica que re\u00fane todos los aspectos de la industria solar bajo un mismo techo. Este a\u00f1o, Wattkraft participar\u00e1 una vez m\u00e1s en Intersolar con su propio stand. Nos encontrar\u00e1 en el Hall C1, stand n\u00famero 330, donde esperamos su visita, el di\u00e1logo personal y la oportunidad de presentar nuestro portafolio de productos. N\u00famero de stand de Wattkraft: C1.330 Fecha: 19\u201321 de junio de 2024 Horario de apertura:<\/p>\n","protected":false},"author":22,"featured_media":16751,"comment_status":"closed","ping_status":"open","sticky":false,"template":"","format":"standard","meta":{"_acf_changed":false,"inline_featured_image":false,"footnotes":""},"categories":[142,243,135],"tags":[],"class_list":["post-16780","post","type-post","status-publish","format-standard","has-post-thumbnail","hentry","category-comercial","category-intersolar-europe-es","category-noticias-de-wattkraft"],"acf":[],"yoast_head":"<!-- This site is optimized with the Yoast SEO plugin v24.7 - https:\/\/yoast.com\/wordpress\/plugins\/seo\/ -->\n<title>Intersolar Europe 2024: punto de encuentro de la industria solar - Wattkraft<\/title>\n<meta name=\"robots\" content=\"index, follow, max-snippet:-1, max-image-preview:large, max-video-preview:-1\" \/>\n<link rel=\"canonical\" href=\"https:\/\/www.wattkraft.com\/es\/news\/intersolar-europe-2024-punto-de-encuentro-de-la-industria-solar\/\" \/>\n<meta property=\"og:locale\" content=\"es_ES\" \/>\n<meta property=\"og:type\" content=\"article\" \/>\n<meta property=\"og:title\" content=\"Intersolar Europe 2024: punto de encuentro de la industria solar - Wattkraft\" \/>\n<meta property=\"og:description\" content=\"Intersolar Europe, la feria comercial l\u00edder mundial para la industria solar, est\u00e1 a la vuelta de la esquina nuevamente. Del 19 al 21 de junio de 2024, el Centro Internacional de Congresos de M\u00fanich abrir\u00e1 sus puertas para un evento que es mucho m\u00e1s que una feria comercial convencional. Como parte de &#8220;The smarter E Europe&#8221;, la alianza de ferias comerciales m\u00e1s grande de Europa para la industria de la energ\u00eda, Intersolar Europe ofrece una plataforma \u00fanica que re\u00fane todos los aspectos de la industria solar bajo un mismo techo. Este a\u00f1o, Wattkraft participar\u00e1 una vez m\u00e1s en Intersolar con su propio stand. Nos encontrar\u00e1 en el Hall C1, stand n\u00famero 330, donde esperamos su visita, el di\u00e1logo personal y la oportunidad de presentar nuestro portafolio de productos. N\u00famero de stand de Wattkraft: C1.330 Fecha: 19\u201321 de junio de 2024 Horario de apertura:\" \/>\n<meta property=\"og:url\" content=\"https:\/\/www.wattkraft.com\/es\/news\/intersolar-europe-2024-punto-de-encuentro-de-la-industria-solar\/\" \/>\n<meta property=\"og:site_name\" content=\"Wattkraft\" \/>\n<meta property=\"article:publisher\" content=\"https:\/\/www.facebook.com\/wattkraftsolar888\" \/>\n<meta property=\"article:published_time\" content=\"2024-05-17T09:36:50+00:00\" \/>\n<meta property=\"article:modified_time\" content=\"2024-05-17T09:43:53+00:00\" \/>\n<meta property=\"og:image\" content=\"https:\/\/www.wattkraft.com\/app\/uploads\/2024\/05\/Wattkraft_Intersolar_2023-0001-1-scaled.jpg\" \/>\n\t<meta property=\"og:image:width\" content=\"2560\" \/>\n\t<meta property=\"og:image:height\" content=\"1707\" \/>\n\t<meta property=\"og:image:type\" content=\"image\/jpeg\" \/>\n<meta name=\"author\" content=\"Antonia Klaus\" \/>\n<meta name=\"twitter:card\" content=\"summary_large_image\" \/>\n<meta name=\"twitter:label1\" content=\"Written by\" \/>\n\t<meta name=\"twitter:data1\" content=\"Antonia Klaus\" \/>\n\t<meta name=\"twitter:label2\" content=\"Est. reading time\" \/>\n\t<meta name=\"twitter:data2\" content=\"1 minute\" \/>\n<script type=\"application\/ld+json\" class=\"yoast-schema-graph\">{\"@context\":\"https:\/\/schema.org\",\"@graph\":[{\"@type\":\"Article\",\"@id\":\"https:\/\/www.wattkraft.com\/es\/news\/intersolar-europe-2024-punto-de-encuentro-de-la-industria-solar\/#article\",\"isPartOf\":{\"@id\":\"https:\/\/www.wattkraft.com\/es\/news\/intersolar-europe-2024-punto-de-encuentro-de-la-industria-solar\/\"},\"author\":{\"name\":\"Antonia Klaus\",\"@id\":\"https:\/\/www.wattkraft.com\/es\/#\/schema\/person\/de933eaded62fd88d81271d21ad54ae7\"},\"headline\":\"Intersolar Europe 2024: punto de encuentro de la industria solar\",\"datePublished\":\"2024-05-17T09:36:50+00:00\",\"dateModified\":\"2024-05-17T09:43:53+00:00\",\"mainEntityOfPage\":{\"@id\":\"https:\/\/www.wattkraft.com\/es\/news\/intersolar-europe-2024-punto-de-encuentro-de-la-industria-solar\/\"},\"wordCount\":167,\"publisher\":{\"@id\":\"https:\/\/www.wattkraft.com\/es\/#organization\"},\"image\":{\"@id\":\"https:\/\/www.wattkraft.com\/es\/news\/intersolar-europe-2024-punto-de-encuentro-de-la-industria-solar\/#primaryimage\"},\"thumbnailUrl\":\"https:\/\/www.wattkraft.com\/app\/uploads\/2024\/05\/Wattkraft_Intersolar_2023-0001-1-scaled.jpg\",\"articleSection\":[\"Comercial\",\"Intersolar Europe\",\"Noticias de Wattkraft\"],\"inLanguage\":\"es-ES\"},{\"@type\":\"WebPage\",\"@id\":\"https:\/\/www.wattkraft.com\/es\/news\/intersolar-europe-2024-punto-de-encuentro-de-la-industria-solar\/\",\"url\":\"https:\/\/www.wattkraft.com\/es\/news\/intersolar-europe-2024-punto-de-encuentro-de-la-industria-solar\/\",\"name\":\"Intersolar Europe 2024: punto de encuentro de la industria solar - Wattkraft\",\"isPartOf\":{\"@id\":\"https:\/\/www.wattkraft.com\/es\/#website\"},\"primaryImageOfPage\":{\"@id\":\"https:\/\/www.wattkraft.com\/es\/news\/intersolar-europe-2024-punto-de-encuentro-de-la-industria-solar\/#primaryimage\"},\"image\":{\"@id\":\"https:\/\/www.wattkraft.com\/es\/news\/intersolar-europe-2024-punto-de-encuentro-de-la-industria-solar\/#primaryimage\"},\"thumbnailUrl\":\"https:\/\/www.wattkraft.com\/app\/uploads\/2024\/05\/Wattkraft_Intersolar_2023-0001-1-scaled.jpg\",\"datePublished\":\"2024-05-17T09:36:50+00:00\",\"dateModified\":\"2024-05-17T09:43:53+00:00\",\"breadcrumb\":{\"@id\":\"https:\/\/www.wattkraft.com\/es\/news\/intersolar-europe-2024-punto-de-encuentro-de-la-industria-solar\/#breadcrumb\"},\"inLanguage\":\"es-ES\",\"potentialAction\":[{\"@type\":\"ReadAction\",\"target\":[\"https:\/\/www.wattkraft.com\/es\/news\/intersolar-europe-2024-punto-de-encuentro-de-la-industria-solar\/\"]}]},{\"@type\":\"ImageObject\",\"inLanguage\":\"es-ES\",\"@id\":\"https:\/\/www.wattkraft.com\/es\/news\/intersolar-europe-2024-punto-de-encuentro-de-la-industria-solar\/#primaryimage\",\"url\":\"https:\/\/www.wattkraft.com\/app\/uploads\/2024\/05\/Wattkraft_Intersolar_2023-0001-1-scaled.jpg\",\"contentUrl\":\"https:\/\/www.wattkraft.com\/app\/uploads\/2024\/05\/Wattkraft_Intersolar_2023-0001-1-scaled.jpg\",\"width\":2560,\"height\":1707},{\"@type\":\"BreadcrumbList\",\"@id\":\"https:\/\/www.wattkraft.com\/es\/news\/intersolar-europe-2024-punto-de-encuentro-de-la-industria-solar\/#breadcrumb\",\"itemListElement\":[{\"@type\":\"ListItem\",\"position\":1,\"name\":\"Home\",\"item\":\"https:\/\/www.wattkraft.com\/es\/\"},{\"@type\":\"ListItem\",\"position\":2,\"name\":\"Intersolar Europe 2024: punto de encuentro de la industria solar\"}]},{\"@type\":\"WebSite\",\"@id\":\"https:\/\/www.wattkraft.com\/es\/#website\",\"url\":\"https:\/\/www.wattkraft.com\/es\/\",\"name\":\"Wattkraft.com\",\"description\":\"Photovoltaik Distributor f\u00fcr Huawei, Aiko, Phono und Canadian Solar\",\"publisher\":{\"@id\":\"https:\/\/www.wattkraft.com\/es\/#organization\"},\"potentialAction\":[{\"@type\":\"SearchAction\",\"target\":{\"@type\":\"EntryPoint\",\"urlTemplate\":\"https:\/\/www.wattkraft.com\/es\/?s={search_term_string}\"},\"query-input\":{\"@type\":\"PropertyValueSpecification\",\"valueRequired\":true,\"valueName\":\"search_term_string\"}}],\"inLanguage\":\"es-ES\"},{\"@type\":\"Organization\",\"@id\":\"https:\/\/www.wattkraft.com\/es\/#organization\",\"name\":\"Wattkraft\",\"url\":\"https:\/\/www.wattkraft.com\/es\/\",\"logo\":{\"@type\":\"ImageObject\",\"inLanguage\":\"es-ES\",\"@id\":\"https:\/\/www.wattkraft.com\/es\/#\/schema\/logo\/image\/\",\"url\":\"https:\/\/www.wattkraft.com\/app\/uploads\/2023\/07\/wattkaft_logo.png.webp\",\"contentUrl\":\"https:\/\/www.wattkraft.com\/app\/uploads\/2023\/07\/wattkaft_logo.png.webp\",\"width\":985,\"height\":181,\"caption\":\"Wattkraft\"},\"image\":{\"@id\":\"https:\/\/www.wattkraft.com\/es\/#\/schema\/logo\/image\/\"},\"sameAs\":[\"https:\/\/www.facebook.com\/wattkraftsolar888\",\"https:\/\/www.linkedin.com\/company\/wattkraft\/\",\"https:\/\/www.youtube.com\/@wattkraftdeutschland\"]},{\"@type\":\"Person\",\"@id\":\"https:\/\/www.wattkraft.com\/es\/#\/schema\/person\/de933eaded62fd88d81271d21ad54ae7\",\"name\":\"Antonia Klaus\",\"image\":{\"@type\":\"ImageObject\",\"inLanguage\":\"es-ES\",\"@id\":\"https:\/\/www.wattkraft.com\/es\/#\/schema\/person\/image\/\",\"url\":\"https:\/\/secure.gravatar.com\/avatar\/2dc2859e7486d3e6254b7aa8f1339684?s=96&d=mm&r=g\",\"contentUrl\":\"https:\/\/secure.gravatar.com\/avatar\/2dc2859e7486d3e6254b7aa8f1339684?s=96&d=mm&r=g\",\"caption\":\"Antonia Klaus\"},\"url\":\"https:\/\/www.wattkraft.com\/es\/news\/author\/antonia_klaus\/\"}]}<\/script>\n<!-- \/ Yoast SEO plugin. -->","yoast_head_json":{"title":"Intersolar Europe 2024: punto de encuentro de la industria solar - Wattkraft","robots":{"index":"index","follow":"follow","max-snippet":"max-snippet:-1","max-image-preview":"max-image-preview:large","max-video-preview":"max-video-preview:-1"},"canonical":"https:\/\/www.wattkraft.com\/es\/news\/intersolar-europe-2024-punto-de-encuentro-de-la-industria-solar\/","og_locale":"es_ES","og_type":"article","og_title":"Intersolar Europe 2024: punto de encuentro de la industria solar - Wattkraft","og_description":"Intersolar Europe, la feria comercial l\u00edder mundial para la industria solar, est\u00e1 a la vuelta de la esquina nuevamente. Del 19 al 21 de junio de 2024, el Centro Internacional de Congresos de M\u00fanich abrir\u00e1 sus puertas para un evento que es mucho m\u00e1s que una feria comercial convencional. Como parte de &#8220;The smarter E Europe&#8221;, la alianza de ferias comerciales m\u00e1s grande de Europa para la industria de la energ\u00eda, Intersolar Europe ofrece una plataforma \u00fanica que re\u00fane todos los aspectos de la industria solar bajo un mismo techo. Este a\u00f1o, Wattkraft participar\u00e1 una vez m\u00e1s en Intersolar con su propio stand. Nos encontrar\u00e1 en el Hall C1, stand n\u00famero 330, donde esperamos su visita, el di\u00e1logo personal y la oportunidad de presentar nuestro portafolio de productos. N\u00famero de stand de Wattkraft: C1.330 Fecha: 19\u201321 de junio de 2024 Horario de apertura:","og_url":"https:\/\/www.wattkraft.com\/es\/news\/intersolar-europe-2024-punto-de-encuentro-de-la-industria-solar\/","og_site_name":"Wattkraft","article_publisher":"https:\/\/www.facebook.com\/wattkraftsolar888","article_published_time":"2024-05-17T09:36:50+00:00","article_modified_time":"2024-05-17T09:43:53+00:00","og_image":[{"width":2560,"height":1707,"url":"https:\/\/www.wattkraft.com\/app\/uploads\/2024\/05\/Wattkraft_Intersolar_2023-0001-1-scaled.jpg","type":"image\/jpeg"}],"author":"Antonia Klaus","twitter_card":"summary_large_image","twitter_misc":{"Written by":"Antonia Klaus","Est. reading time":"1 minute"},"schema":{"@context":"https:\/\/schema.org","@graph":[{"@type":"Article","@id":"https:\/\/www.wattkraft.com\/es\/news\/intersolar-europe-2024-punto-de-encuentro-de-la-industria-solar\/#article","isPartOf":{"@id":"https:\/\/www.wattkraft.com\/es\/news\/intersolar-europe-2024-punto-de-encuentro-de-la-industria-solar\/"},"author":{"name":"Antonia Klaus","@id":"https:\/\/www.wattkraft.com\/es\/#\/schema\/person\/de933eaded62fd88d81271d21ad54ae7"},"headline":"Intersolar Europe 2024: punto de encuentro de la industria solar","datePublished":"2024-05-17T09:36:50+00:00","dateModified":"2024-05-17T09:43:53+00:00","mainEntityOfPage":{"@id":"https:\/\/www.wattkraft.com\/es\/news\/intersolar-europe-2024-punto-de-encuentro-de-la-industria-solar\/"},"wordCount":167,"publisher":{"@id":"https:\/\/www.wattkraft.com\/es\/#organization"},"image":{"@id":"https:\/\/www.wattkraft.com\/es\/news\/intersolar-europe-2024-punto-de-encuentro-de-la-industria-solar\/#primaryimage"},"thumbnailUrl":"https:\/\/www.wattkraft.com\/app\/uploads\/2024\/05\/Wattkraft_Intersolar_2023-0001-1-scaled.jpg","articleSection":["Comercial","Intersolar Europe","Noticias de Wattkraft"],"inLanguage":"es-ES"},{"@type":"WebPage","@id":"https:\/\/www.wattkraft.com\/es\/news\/intersolar-europe-2024-punto-de-encuentro-de-la-industria-solar\/","url":"https:\/\/www.wattkraft.com\/es\/news\/intersolar-europe-2024-punto-de-encuentro-de-la-industria-solar\/","name":"Intersolar Europe 2024: punto de encuentro de la industria solar - Wattkraft","isPartOf":{"@id":"https:\/\/www.wattkraft.com\/es\/#website"},"primaryImageOfPage":{"@id":"https:\/\/www.wattkraft.com\/es\/news\/intersolar-europe-2024-punto-de-encuentro-de-la-industria-solar\/#primaryimage"},"image":{"@id":"https:\/\/www.wattkraft.com\/es\/news\/intersolar-europe-2024-punto-de-encuentro-de-la-industria-solar\/#primaryimage"},"thumbnailUrl":"https:\/\/www.wattkraft.com\/app\/uploads\/2024\/05\/Wattkraft_Intersolar_2023-0001-1-scaled.jpg","datePublished":"2024-05-17T09:36:50+00:00","dateModified":"2024-05-17T09:43:53+00:00","breadcrumb":{"@id":"https:\/\/www.wattkraft.com\/es\/news\/intersolar-europe-2024-punto-de-encuentro-de-la-industria-solar\/#breadcrumb"},"inLanguage":"es-ES","potentialAction":[{"@type":"ReadAction","target":["https:\/\/www.wattkraft.com\/es\/news\/intersolar-europe-2024-punto-de-encuentro-de-la-industria-solar\/"]}]},{"@type":"ImageObject","inLanguage":"es-ES","@id":"https:\/\/www.wattkraft.com\/es\/news\/intersolar-europe-2024-punto-de-encuentro-de-la-industria-solar\/#primaryimage","url":"https:\/\/www.wattkraft.com\/app\/uploads\/2024\/05\/Wattkraft_Intersolar_2023-0001-1-scaled.jpg","contentUrl":"https:\/\/www.wattkraft.com\/app\/uploads\/2024\/05\/Wattkraft_Intersolar_2023-0001-1-scaled.jpg","width":2560,"height":1707},{"@type":"BreadcrumbList","@id":"https:\/\/www.wattkraft.com\/es\/news\/intersolar-europe-2024-punto-de-encuentro-de-la-industria-solar\/#breadcrumb","itemListElement":[{"@type":"ListItem","position":1,"name":"Home","item":"https:\/\/www.wattkraft.com\/es\/"},{"@type":"ListItem","position":2,"name":"Intersolar Europe 2024: punto de encuentro de la industria solar"}]},{"@type":"WebSite","@id":"https:\/\/www.wattkraft.com\/es\/#website","url":"https:\/\/www.wattkraft.com\/es\/","name":"Wattkraft.com","description":"Photovoltaik Distributor f\u00fcr Huawei, Aiko, Phono und Canadian Solar","publisher":{"@id":"https:\/\/www.wattkraft.com\/es\/#organization"},"potentialAction":[{"@type":"SearchAction","target":{"@type":"EntryPoint","urlTemplate":"https:\/\/www.wattkraft.com\/es\/?s={search_term_string}"},"query-input":{"@type":"PropertyValueSpecification","valueRequired":true,"valueName":"search_term_string"}}],"inLanguage":"es-ES"},{"@type":"Organization","@id":"https:\/\/www.wattkraft.com\/es\/#organization","name":"Wattkraft","url":"https:\/\/www.wattkraft.com\/es\/","logo":{"@type":"ImageObject","inLanguage":"es-ES","@id":"https:\/\/www.wattkraft.com\/es\/#\/schema\/logo\/image\/","url":"https:\/\/www.wattkraft.com\/app\/uploads\/2023\/07\/wattkaft_logo.png.webp","contentUrl":"https:\/\/www.wattkraft.com\/app\/uploads\/2023\/07\/wattkaft_logo.png.webp","width":985,"height":181,"caption":"Wattkraft"},"image":{"@id":"https:\/\/www.wattkraft.com\/es\/#\/schema\/logo\/image\/"},"sameAs":["https:\/\/www.facebook.com\/wattkraftsolar888","https:\/\/www.linkedin.com\/company\/wattkraft\/","https:\/\/www.youtube.com\/@wattkraftdeutschland"]},{"@type":"Person","@id":"https:\/\/www.wattkraft.com\/es\/#\/schema\/person\/de933eaded62fd88d81271d21ad54ae7","name":"Antonia Klaus","image":{"@type":"ImageObject","inLanguage":"es-ES","@id":"https:\/\/www.wattkraft.com\/es\/#\/schema\/person\/image\/","url":"https:\/\/secure.gravatar.com\/avatar\/2dc2859e7486d3e6254b7aa8f1339684?s=96&d=mm&r=g","contentUrl":"https:\/\/secure.gravatar.com\/avatar\/2dc2859e7486d3e6254b7aa8f1339684?s=96&d=mm&r=g","caption":"Antonia Klaus"},"url":"https:\/\/www.wattkraft.com\/es\/news\/author\/antonia_klaus\/"}]}},"_links":{"self":[{"href":"https:\/\/www.wattkraft.com\/es\/wp-json\/wp\/v2\/posts\/16780","targetHints":{"allow":["GET"]}}],"collection":[{"href":"https:\/\/www.wattkraft.com\/es\/wp-json\/wp\/v2\/posts"}],"about":[{"href":"https:\/\/www.wattkraft.com\/es\/wp-json\/wp\/v2\/types\/post"}],"author":[{"embeddable":true,"href":"https:\/\/www.wattkraft.com\/es\/wp-json\/wp\/v2\/users\/22"}],"replies":[{"embeddable":true,"href":"https:\/\/www.wattkraft.com\/es\/wp-json\/wp\/v2\/comments?post=16780"}],"version-history":[{"count":6,"href":"https:\/\/www.wattkraft.com\/es\/wp-json\/wp\/v2\/posts\/16780\/revisions"}],"predecessor-version":[{"id":16787,"href":"https:\/\/www.wattkraft.com\/es\/wp-json\/wp\/v2\/posts\/16780\/revisions\/16787"}],"wp:featuredmedia":[{"embeddable":true,"href":"https:\/\/www.wattkraft.com\/es\/wp-json\/wp\/v2\/media\/16751"}],"wp:attachment":[{"href":"https:\/\/www.wattkraft.com\/es\/wp-json\/wp\/v2\/media?parent=16780"}],"wp:term":[{"taxonomy":"category","embeddable":true,"href":"https:\/\/www.wattkraft.com\/es\/wp-json\/wp\/v2\/categories?post=16780"},{"taxonomy":"post_tag","embeddable":true,"href":"https:\/\/www.wattkraft.com\/es\/wp-json\/wp\/v2\/tags?post=16780"}],"curies":[{"name":"wp","href":"https:\/\/api.w.org\/{rel}","templated":true}]}}