{"id":26195,"date":"2025-10-29T12:04:25","date_gmt":"2025-10-29T11:04:25","guid":{"rendered":"https:\/\/www.wattkraft.com\/?p=26195"},"modified":"2026-04-29T09:05:51","modified_gmt":"2026-04-29T07:05:51","slug":"cebeo-technologie-2026","status":"publish","type":"post","link":"https:\/\/www.wattkraft.com\/nl\/news\/cebeo-technologie-2026\/","title":{"rendered":"Cebeo Technologie 2026: d\u00e9 vakbeurs voor elektro- en HVAC-professionals"},"content":{"rendered":"\n<h2 class=\"wp-block-heading\">Cebeo Technologie 2026: d\u00e9 vakbeurs voor elektro- en HVAC-professionals<\/h2>\n\n\n\n<p>Van <strong>dinsdag 2 tot en met donderdag 4 juni 2026<\/strong> opent Cebeo Technologie opnieuw zijn deuren in Hal 5 van Brussels Expo. Tijdens deze 14de editie staat de <strong>energietransitie<\/strong> centraal, met extra aandacht voor artifici\u00eble intelligentie, duurzame alternatieven, commerci\u00eble batterijen en energiemanagement.<\/p>\n\n\n\n<h3 class=\"wp-block-heading\">Drie dagen vol innovatie en netwerking<\/h3>\n\n\n\n<p>De vakbeurs richt zich op professionals uit de residenti\u00eble, tertiaire en industri\u00eble sector. Bezoekers ontdekken er als eerste de nieuwste producten en innovaties, krijgen alle technieken samen in \u00e9\u00e9n beurshal te zien, en kunnen hun vragen rechtstreeks stellen aan Cebeo-specialisten en leveranciers. Daarnaast biedt de beurs uitgelezen kansen om te netwerken met collega&#8217;s uit de sector.<\/p>\n\n\n\n<h3 class=\"wp-block-heading\">Openingsuren<\/h3>\n\n\n\n<ul class=\"wp-block-list\">\n<li><strong>Dinsdag 2 juni:<\/strong> 14u \u2013 20u<\/li>\n\n\n\n<li><strong>Woensdag 3 juni:<\/strong> 10u \u2013 22u, met afterwork vanaf 18u<\/li>\n\n\n\n<li><strong>Donderdag 4 juni:<\/strong> 10u \u2013 20u<\/li>\n<\/ul>\n\n\n\n<h3 class=\"wp-block-heading\">Een beurs met bewezen succes<\/h3>\n\n\n\n<p>De vorige editie wist meer dan 9.000 professionals te overtuigen, met een gemiddelde tevredenheidsscore van 8,6\/10 en 160 beursstanden. Ook in 2026 mogen bezoekers opnieuw rekenen op een sterk exposantenaanbod, met onder andere ABB, Schneider, Siemens, Niko, Hager, Legrand, Signify, Mitsubishi Electric en vele anderen.<\/p>\n\n\n\n<h3 class=\"wp-block-heading\">Inschrijven<\/h3>\n\n\n\n<p>Inschrijven kan via de <a href=\"https:\/\/cebeotechnologie2026.eventsite.be\/page\/1\/Welkom\/\">offici\u00eble inschrijvingspagina van Cebeo Technologie 2026<\/a>. Meer info is terug te vinden op <a href=\"https:\/\/www.cebeo.be\/nl-be\/static\/cebeo-technologie\">cebeo.be<\/a>.<\/p>\n","protected":false},"excerpt":{"rendered":"<p>Cebeo Technologie 2026: d\u00e9 vakbeurs voor elektro- en HVAC-professionals Van dinsdag 2 tot en met donderdag 4 juni 2026 opent Cebeo Technologie opnieuw zijn deuren in Hal 5 van Brussels Expo. Tijdens deze 14de editie staat de energietransitie centraal, met extra aandacht voor artifici\u00eble intelligentie, duurzame alternatieven, commerci\u00eble batterijen en energiemanagement. Drie dagen vol innovatie en netwerking De vakbeurs richt zich op professionals uit de residenti\u00eble, tertiaire en industri\u00eble sector. Bezoekers ontdekken er als eerste de nieuwste producten en innovaties, krijgen alle technieken samen in \u00e9\u00e9n beurshal te zien, en kunnen hun vragen rechtstreeks stellen aan Cebeo-specialisten en leveranciers. Daarnaast biedt de beurs uitgelezen kansen om te netwerken met collega&#8217;s uit de sector. Openingsuren Een beurs met bewezen succes De vorige editie wist meer dan 9.000 professionals te overtuigen, met een gemiddelde tevredenheidsscore van 8,6\/10 en 160 beursstanden. Ook in 2026 mogen bezoekers opnieuw rekenen op een sterk exposantenaanbod, met onder andere ABB, Schneider, Siemens, Niko, Hager, Legrand, Signify, Mitsubishi Electric en vele anderen. Inschrijven Inschrijven kan via de offici\u00eble inschrijvingspagina van Cebeo Technologie 2026. Meer info is terug te vinden op cebeo.be.<\/p>\n","protected":false},"author":12,"featured_media":26837,"comment_status":"closed","ping_status":"closed","sticky":false,"template":"","format":"standard","meta":{"_acf_changed":false,"inline_featured_image":false,"footnotes":""},"categories":[251],"tags":[],"class_list":["post-26195","post","type-post","status-publish","format-standard","has-post-thumbnail","hentry","category-evenementen"],"acf":[],"yoast_head":"<!-- This site is optimized with the Yoast SEO plugin v24.7 - https:\/\/yoast.com\/wordpress\/plugins\/seo\/ -->\n<title>Cebeo Technologie 2026: d\u00e9 vakbeurs voor elektro- en HVAC-professionals - Wattkraft<\/title>\n<meta name=\"robots\" content=\"index, follow, max-snippet:-1, max-image-preview:large, max-video-preview:-1\" \/>\n<link rel=\"canonical\" href=\"https:\/\/www.wattkraft.com\/nl\/news\/cebeo-technologie-2026\/\" \/>\n<meta property=\"og:locale\" content=\"nl_NL\" \/>\n<meta property=\"og:type\" content=\"article\" \/>\n<meta property=\"og:title\" content=\"Cebeo Technologie 2026: d\u00e9 vakbeurs voor elektro- en HVAC-professionals - Wattkraft\" \/>\n<meta property=\"og:description\" content=\"Cebeo Technologie 2026: d\u00e9 vakbeurs voor elektro- en HVAC-professionals Van dinsdag 2 tot en met donderdag 4 juni 2026 opent Cebeo Technologie opnieuw zijn deuren in Hal 5 van Brussels Expo. Tijdens deze 14de editie staat de energietransitie centraal, met extra aandacht voor artifici\u00eble intelligentie, duurzame alternatieven, commerci\u00eble batterijen en energiemanagement. Drie dagen vol innovatie en netwerking De vakbeurs richt zich op professionals uit de residenti\u00eble, tertiaire en industri\u00eble sector. Bezoekers ontdekken er als eerste de nieuwste producten en innovaties, krijgen alle technieken samen in \u00e9\u00e9n beurshal te zien, en kunnen hun vragen rechtstreeks stellen aan Cebeo-specialisten en leveranciers. Daarnaast biedt de beurs uitgelezen kansen om te netwerken met collega&#8217;s uit de sector. Openingsuren Een beurs met bewezen succes De vorige editie wist meer dan 9.000 professionals te overtuigen, met een gemiddelde tevredenheidsscore van 8,6\/10 en 160 beursstanden. Ook in 2026 mogen bezoekers opnieuw rekenen op een sterk exposantenaanbod, met onder andere ABB, Schneider, Siemens, Niko, Hager, Legrand, Signify, Mitsubishi Electric en vele anderen. Inschrijven Inschrijven kan via de offici\u00eble inschrijvingspagina van Cebeo Technologie 2026. Meer info is terug te vinden op cebeo.be.\" \/>\n<meta property=\"og:url\" content=\"https:\/\/www.wattkraft.com\/nl\/news\/cebeo-technologie-2026\/\" \/>\n<meta property=\"og:site_name\" content=\"Wattkraft\" \/>\n<meta property=\"article:publisher\" content=\"https:\/\/www.facebook.com\/wattkraftsolar888\" \/>\n<meta property=\"article:published_time\" content=\"2025-10-29T11:04:25+00:00\" \/>\n<meta property=\"article:modified_time\" content=\"2026-04-29T07:05:51+00:00\" \/>\n<meta name=\"author\" content=\"Frank Runbingh\" \/>\n<meta name=\"twitter:card\" content=\"summary_large_image\" \/>\n<meta name=\"twitter:label1\" content=\"Written by\" \/>\n\t<meta name=\"twitter:data1\" content=\"Frank Runbingh\" \/>\n\t<meta name=\"twitter:label2\" content=\"Est. reading time\" \/>\n\t<meta name=\"twitter:data2\" content=\"2 minutes\" \/>\n<script type=\"application\/ld+json\" class=\"yoast-schema-graph\">{\"@context\":\"https:\/\/schema.org\",\"@graph\":[{\"@type\":\"Article\",\"@id\":\"https:\/\/www.wattkraft.com\/nl\/news\/cebeo-technologie-2026\/#article\",\"isPartOf\":{\"@id\":\"https:\/\/www.wattkraft.com\/nl\/news\/cebeo-technologie-2026\/\"},\"author\":{\"name\":\"Frank Runbingh\",\"@id\":\"https:\/\/www.wattkraft.com\/nl\/#\/schema\/person\/3215dfff86da20fe739d2f9bb52eef99\"},\"headline\":\"Cebeo Technologie 2026: d\u00e9 vakbeurs voor elektro- en HVAC-professionals\",\"datePublished\":\"2025-10-29T11:04:25+00:00\",\"dateModified\":\"2026-04-29T07:05:51+00:00\",\"mainEntityOfPage\":{\"@id\":\"https:\/\/www.wattkraft.com\/nl\/news\/cebeo-technologie-2026\/\"},\"wordCount\":204,\"publisher\":{\"@id\":\"https:\/\/www.wattkraft.com\/nl\/#organization\"},\"image\":{\"@id\":\"https:\/\/www.wattkraft.com\/nl\/news\/cebeo-technologie-2026\/#primaryimage\"},\"thumbnailUrl\":\"https:\/\/www.wattkraft.com\/app\/uploads\/2025\/10\/luchtfoto-2-e1777446339276.avif\",\"articleSection\":[\"Evenementen\"],\"inLanguage\":\"nl-NL\"},{\"@type\":\"WebPage\",\"@id\":\"https:\/\/www.wattkraft.com\/nl\/news\/cebeo-technologie-2026\/\",\"url\":\"https:\/\/www.wattkraft.com\/nl\/news\/cebeo-technologie-2026\/\",\"name\":\"Cebeo Technologie 2026: d\u00e9 vakbeurs voor elektro- en HVAC-professionals - Wattkraft\",\"isPartOf\":{\"@id\":\"https:\/\/www.wattkraft.com\/nl\/#website\"},\"primaryImageOfPage\":{\"@id\":\"https:\/\/www.wattkraft.com\/nl\/news\/cebeo-technologie-2026\/#primaryimage\"},\"image\":{\"@id\":\"https:\/\/www.wattkraft.com\/nl\/news\/cebeo-technologie-2026\/#primaryimage\"},\"thumbnailUrl\":\"https:\/\/www.wattkraft.com\/app\/uploads\/2025\/10\/luchtfoto-2-e1777446339276.avif\",\"datePublished\":\"2025-10-29T11:04:25+00:00\",\"dateModified\":\"2026-04-29T07:05:51+00:00\",\"breadcrumb\":{\"@id\":\"https:\/\/www.wattkraft.com\/nl\/news\/cebeo-technologie-2026\/#breadcrumb\"},\"inLanguage\":\"nl-NL\",\"potentialAction\":[{\"@type\":\"ReadAction\",\"target\":[\"https:\/\/www.wattkraft.com\/nl\/news\/cebeo-technologie-2026\/\"]}]},{\"@type\":\"ImageObject\",\"inLanguage\":\"nl-NL\",\"@id\":\"https:\/\/www.wattkraft.com\/nl\/news\/cebeo-technologie-2026\/#primaryimage\",\"url\":\"https:\/\/www.wattkraft.com\/app\/uploads\/2025\/10\/luchtfoto-2-e1777446339276.avif\",\"contentUrl\":\"https:\/\/www.wattkraft.com\/app\/uploads\/2025\/10\/luchtfoto-2-e1777446339276.avif\",\"width\":1000,\"height\":500},{\"@type\":\"BreadcrumbList\",\"@id\":\"https:\/\/www.wattkraft.com\/nl\/news\/cebeo-technologie-2026\/#breadcrumb\",\"itemListElement\":[{\"@type\":\"ListItem\",\"position\":1,\"name\":\"Home\",\"item\":\"https:\/\/www.wattkraft.com\/nl\/\"},{\"@type\":\"ListItem\",\"position\":2,\"name\":\"Cebeo Technologie 2026: d\u00e9 vakbeurs voor elektro- en HVAC-professionals\"}]},{\"@type\":\"WebSite\",\"@id\":\"https:\/\/www.wattkraft.com\/nl\/#website\",\"url\":\"https:\/\/www.wattkraft.com\/nl\/\",\"name\":\"Wattkraft.com\",\"description\":\"De grootste importeur van Huawei omvormers in Europa\",\"publisher\":{\"@id\":\"https:\/\/www.wattkraft.com\/nl\/#organization\"},\"potentialAction\":[{\"@type\":\"SearchAction\",\"target\":{\"@type\":\"EntryPoint\",\"urlTemplate\":\"https:\/\/www.wattkraft.com\/nl\/?s={search_term_string}\"},\"query-input\":{\"@type\":\"PropertyValueSpecification\",\"valueRequired\":true,\"valueName\":\"search_term_string\"}}],\"inLanguage\":\"nl-NL\"},{\"@type\":\"Organization\",\"@id\":\"https:\/\/www.wattkraft.com\/nl\/#organization\",\"name\":\"Wattkraft\",\"url\":\"https:\/\/www.wattkraft.com\/nl\/\",\"logo\":{\"@type\":\"ImageObject\",\"inLanguage\":\"nl-NL\",\"@id\":\"https:\/\/www.wattkraft.com\/nl\/#\/schema\/logo\/image\/\",\"url\":\"https:\/\/www.wattkraft.com\/app\/uploads\/2023\/07\/wattkaft_logo.png.webp\",\"contentUrl\":\"https:\/\/www.wattkraft.com\/app\/uploads\/2023\/07\/wattkaft_logo.png.webp\",\"width\":985,\"height\":181,\"caption\":\"Wattkraft\"},\"image\":{\"@id\":\"https:\/\/www.wattkraft.com\/nl\/#\/schema\/logo\/image\/\"},\"sameAs\":[\"https:\/\/www.facebook.com\/wattkraftsolar888\",\"https:\/\/www.linkedin.com\/company\/wattkraft\/\",\"https:\/\/www.youtube.com\/@wattkraftdeutschland\"]},{\"@type\":\"Person\",\"@id\":\"https:\/\/www.wattkraft.com\/nl\/#\/schema\/person\/3215dfff86da20fe739d2f9bb52eef99\",\"name\":\"Frank Runbingh\",\"image\":{\"@type\":\"ImageObject\",\"inLanguage\":\"nl-NL\",\"@id\":\"https:\/\/www.wattkraft.com\/nl\/#\/schema\/person\/image\/\",\"url\":\"https:\/\/secure.gravatar.com\/avatar\/4fa4458097f98aa27f8cb12635b9b0f3?s=96&d=mm&r=g\",\"contentUrl\":\"https:\/\/secure.gravatar.com\/avatar\/4fa4458097f98aa27f8cb12635b9b0f3?s=96&d=mm&r=g\",\"caption\":\"Frank Runbingh\"},\"url\":\"https:\/\/www.wattkraft.com\/nl\/news\/author\/brandeniers-nl\/\"}]}<\/script>\n<!-- \/ Yoast SEO plugin. -->","yoast_head_json":{"title":"Cebeo Technologie 2026: d\u00e9 vakbeurs voor elektro- en HVAC-professionals - Wattkraft","robots":{"index":"index","follow":"follow","max-snippet":"max-snippet:-1","max-image-preview":"max-image-preview:large","max-video-preview":"max-video-preview:-1"},"canonical":"https:\/\/www.wattkraft.com\/nl\/news\/cebeo-technologie-2026\/","og_locale":"nl_NL","og_type":"article","og_title":"Cebeo Technologie 2026: d\u00e9 vakbeurs voor elektro- en HVAC-professionals - Wattkraft","og_description":"Cebeo Technologie 2026: d\u00e9 vakbeurs voor elektro- en HVAC-professionals Van dinsdag 2 tot en met donderdag 4 juni 2026 opent Cebeo Technologie opnieuw zijn deuren in Hal 5 van Brussels Expo. Tijdens deze 14de editie staat de energietransitie centraal, met extra aandacht voor artifici\u00eble intelligentie, duurzame alternatieven, commerci\u00eble batterijen en energiemanagement. Drie dagen vol innovatie en netwerking De vakbeurs richt zich op professionals uit de residenti\u00eble, tertiaire en industri\u00eble sector. Bezoekers ontdekken er als eerste de nieuwste producten en innovaties, krijgen alle technieken samen in \u00e9\u00e9n beurshal te zien, en kunnen hun vragen rechtstreeks stellen aan Cebeo-specialisten en leveranciers. Daarnaast biedt de beurs uitgelezen kansen om te netwerken met collega&#8217;s uit de sector. Openingsuren Een beurs met bewezen succes De vorige editie wist meer dan 9.000 professionals te overtuigen, met een gemiddelde tevredenheidsscore van 8,6\/10 en 160 beursstanden. Ook in 2026 mogen bezoekers opnieuw rekenen op een sterk exposantenaanbod, met onder andere ABB, Schneider, Siemens, Niko, Hager, Legrand, Signify, Mitsubishi Electric en vele anderen. Inschrijven Inschrijven kan via de offici\u00eble inschrijvingspagina van Cebeo Technologie 2026. Meer info is terug te vinden op cebeo.be.","og_url":"https:\/\/www.wattkraft.com\/nl\/news\/cebeo-technologie-2026\/","og_site_name":"Wattkraft","article_publisher":"https:\/\/www.facebook.com\/wattkraftsolar888","article_published_time":"2025-10-29T11:04:25+00:00","article_modified_time":"2026-04-29T07:05:51+00:00","author":"Frank Runbingh","twitter_card":"summary_large_image","twitter_misc":{"Written by":"Frank Runbingh","Est. reading time":"2 minutes"},"schema":{"@context":"https:\/\/schema.org","@graph":[{"@type":"Article","@id":"https:\/\/www.wattkraft.com\/nl\/news\/cebeo-technologie-2026\/#article","isPartOf":{"@id":"https:\/\/www.wattkraft.com\/nl\/news\/cebeo-technologie-2026\/"},"author":{"name":"Frank Runbingh","@id":"https:\/\/www.wattkraft.com\/nl\/#\/schema\/person\/3215dfff86da20fe739d2f9bb52eef99"},"headline":"Cebeo Technologie 2026: d\u00e9 vakbeurs voor elektro- en HVAC-professionals","datePublished":"2025-10-29T11:04:25+00:00","dateModified":"2026-04-29T07:05:51+00:00","mainEntityOfPage":{"@id":"https:\/\/www.wattkraft.com\/nl\/news\/cebeo-technologie-2026\/"},"wordCount":204,"publisher":{"@id":"https:\/\/www.wattkraft.com\/nl\/#organization"},"image":{"@id":"https:\/\/www.wattkraft.com\/nl\/news\/cebeo-technologie-2026\/#primaryimage"},"thumbnailUrl":"https:\/\/www.wattkraft.com\/app\/uploads\/2025\/10\/luchtfoto-2-e1777446339276.avif","articleSection":["Evenementen"],"inLanguage":"nl-NL"},{"@type":"WebPage","@id":"https:\/\/www.wattkraft.com\/nl\/news\/cebeo-technologie-2026\/","url":"https:\/\/www.wattkraft.com\/nl\/news\/cebeo-technologie-2026\/","name":"Cebeo Technologie 2026: d\u00e9 vakbeurs voor elektro- en HVAC-professionals - Wattkraft","isPartOf":{"@id":"https:\/\/www.wattkraft.com\/nl\/#website"},"primaryImageOfPage":{"@id":"https:\/\/www.wattkraft.com\/nl\/news\/cebeo-technologie-2026\/#primaryimage"},"image":{"@id":"https:\/\/www.wattkraft.com\/nl\/news\/cebeo-technologie-2026\/#primaryimage"},"thumbnailUrl":"https:\/\/www.wattkraft.com\/app\/uploads\/2025\/10\/luchtfoto-2-e1777446339276.avif","datePublished":"2025-10-29T11:04:25+00:00","dateModified":"2026-04-29T07:05:51+00:00","breadcrumb":{"@id":"https:\/\/www.wattkraft.com\/nl\/news\/cebeo-technologie-2026\/#breadcrumb"},"inLanguage":"nl-NL","potentialAction":[{"@type":"ReadAction","target":["https:\/\/www.wattkraft.com\/nl\/news\/cebeo-technologie-2026\/"]}]},{"@type":"ImageObject","inLanguage":"nl-NL","@id":"https:\/\/www.wattkraft.com\/nl\/news\/cebeo-technologie-2026\/#primaryimage","url":"https:\/\/www.wattkraft.com\/app\/uploads\/2025\/10\/luchtfoto-2-e1777446339276.avif","contentUrl":"https:\/\/www.wattkraft.com\/app\/uploads\/2025\/10\/luchtfoto-2-e1777446339276.avif","width":1000,"height":500},{"@type":"BreadcrumbList","@id":"https:\/\/www.wattkraft.com\/nl\/news\/cebeo-technologie-2026\/#breadcrumb","itemListElement":[{"@type":"ListItem","position":1,"name":"Home","item":"https:\/\/www.wattkraft.com\/nl\/"},{"@type":"ListItem","position":2,"name":"Cebeo Technologie 2026: d\u00e9 vakbeurs voor elektro- en HVAC-professionals"}]},{"@type":"WebSite","@id":"https:\/\/www.wattkraft.com\/nl\/#website","url":"https:\/\/www.wattkraft.com\/nl\/","name":"Wattkraft.com","description":"De grootste importeur van Huawei omvormers in Europa","publisher":{"@id":"https:\/\/www.wattkraft.com\/nl\/#organization"},"potentialAction":[{"@type":"SearchAction","target":{"@type":"EntryPoint","urlTemplate":"https:\/\/www.wattkraft.com\/nl\/?s={search_term_string}"},"query-input":{"@type":"PropertyValueSpecification","valueRequired":true,"valueName":"search_term_string"}}],"inLanguage":"nl-NL"},{"@type":"Organization","@id":"https:\/\/www.wattkraft.com\/nl\/#organization","name":"Wattkraft","url":"https:\/\/www.wattkraft.com\/nl\/","logo":{"@type":"ImageObject","inLanguage":"nl-NL","@id":"https:\/\/www.wattkraft.com\/nl\/#\/schema\/logo\/image\/","url":"https:\/\/www.wattkraft.com\/app\/uploads\/2023\/07\/wattkaft_logo.png.webp","contentUrl":"https:\/\/www.wattkraft.com\/app\/uploads\/2023\/07\/wattkaft_logo.png.webp","width":985,"height":181,"caption":"Wattkraft"},"image":{"@id":"https:\/\/www.wattkraft.com\/nl\/#\/schema\/logo\/image\/"},"sameAs":["https:\/\/www.facebook.com\/wattkraftsolar888","https:\/\/www.linkedin.com\/company\/wattkraft\/","https:\/\/www.youtube.com\/@wattkraftdeutschland"]},{"@type":"Person","@id":"https:\/\/www.wattkraft.com\/nl\/#\/schema\/person\/3215dfff86da20fe739d2f9bb52eef99","name":"Frank Runbingh","image":{"@type":"ImageObject","inLanguage":"nl-NL","@id":"https:\/\/www.wattkraft.com\/nl\/#\/schema\/person\/image\/","url":"https:\/\/secure.gravatar.com\/avatar\/4fa4458097f98aa27f8cb12635b9b0f3?s=96&d=mm&r=g","contentUrl":"https:\/\/secure.gravatar.com\/avatar\/4fa4458097f98aa27f8cb12635b9b0f3?s=96&d=mm&r=g","caption":"Frank Runbingh"},"url":"https:\/\/www.wattkraft.com\/nl\/news\/author\/brandeniers-nl\/"}]}},"_links":{"self":[{"href":"https:\/\/www.wattkraft.com\/nl\/wp-json\/wp\/v2\/posts\/26195","targetHints":{"allow":["GET"]}}],"collection":[{"href":"https:\/\/www.wattkraft.com\/nl\/wp-json\/wp\/v2\/posts"}],"about":[{"href":"https:\/\/www.wattkraft.com\/nl\/wp-json\/wp\/v2\/types\/post"}],"author":[{"embeddable":true,"href":"https:\/\/www.wattkraft.com\/nl\/wp-json\/wp\/v2\/users\/12"}],"replies":[{"embeddable":true,"href":"https:\/\/www.wattkraft.com\/nl\/wp-json\/wp\/v2\/comments?post=26195"}],"version-history":[{"count":5,"href":"https:\/\/www.wattkraft.com\/nl\/wp-json\/wp\/v2\/posts\/26195\/revisions"}],"predecessor-version":[{"id":26844,"href":"https:\/\/www.wattkraft.com\/nl\/wp-json\/wp\/v2\/posts\/26195\/revisions\/26844"}],"wp:featuredmedia":[{"embeddable":true,"href":"https:\/\/www.wattkraft.com\/nl\/wp-json\/wp\/v2\/media\/26837"}],"wp:attachment":[{"href":"https:\/\/www.wattkraft.com\/nl\/wp-json\/wp\/v2\/media?parent=26195"}],"wp:term":[{"taxonomy":"category","embeddable":true,"href":"https:\/\/www.wattkraft.com\/nl\/wp-json\/wp\/v2\/categories?post=26195"},{"taxonomy":"post_tag","embeddable":true,"href":"https:\/\/www.wattkraft.com\/nl\/wp-json\/wp\/v2\/tags?post=26195"}],"curies":[{"name":"wp","href":"https:\/\/api.w.org\/{rel}","templated":true}]}}